{"id":17873,"date":"2026-08-29T06:48:25","date_gmt":"2026-08-29T06:48:25","guid":{"rendered":"https:\/\/szkolazabrowo.pl\/?p=17873"},"modified":"2026-08-29T06:48:27","modified_gmt":"2026-08-29T06:48:27","slug":"informacja-dotyczaca-uroczystego-rozpoczecia-roku-szkolnego-2026-2027-w-dniu-1-wrzesnia-2026-r","status":"publish","type":"post","link":"https:\/\/szkolazabrowo.pl\/?p=17873","title":{"rendered":"Informacja dotycz\u0105ca uroczystego rozpocz\u0119cia roku szkolnego 2026\/2027 w dniu 1 wrze\u015bnia 2026 r."},"content":{"rendered":"\n<p class=\"wp-block-paragraph\"><strong>Serdecznie zapraszamy na uroczysto\u015b\u0107, kt\u00f3ra odb\u0119dzie si\u0119 w nast\u0119puj\u0105cych grupach wiekowych:<\/strong><\/p>\n\n\n\n<ol start=\"1\" class=\"wp-block-list\">\n<li><strong>Oddzia\u0142y przedszkolne Grupa\u00a0<em>Maluszki<\/em>\u00a0i Grupa\u00a0<em>Starszaki<\/em>\u00a0<\/strong><\/li>\n<\/ol>\n\n\n\n<p class=\"wp-block-paragraph\">            godz. 8.30 w budynku przedszkola przy torach;<\/p>\n\n\n\n<p class=\"wp-block-paragraph\">      2. <strong>Grupa\u00a0<em>Zer\u00f3wka<\/em>\u00a0(szkolna )\u00a0oraz<\/strong> <strong>Klasy 1-8<\/strong>,<\/p>\n\n\n\n<p class=\"wp-block-paragraph\">           godz. 9.00 w hali Olimpia.<\/p>\n\n\n\n<p class=\"wp-block-paragraph\">Autobusy b\u0119d\u0105 kursowa\u0142y w bie\u017c\u0105cym roku szkolnym tak jak w ubieg\u0142ym. Aktualny rozk\u0142ad jazdy znajduje si\u0119 <br>w zak\u0142adce\u00a0<a href=\"https:\/\/szkolazabrowo.pl\/?page_id=5178\"><em>Autobusy<\/em><\/a>\u00a0.<\/p>\n\n\n\n<p class=\"wp-block-paragraph\">Rano, w dn. 1.09.26r., autobusy szkolne kursuj\u0105 zgodnie ze zwyk\u0142ym rozk\u0142adem, odjazd po uroczysto\u015bci<br>ok 10.15-10.30.<\/p>\n\n\n\n<p class=\"has-text-align-right wp-block-paragraph\">Justyna Klimaszewska<\/p>\n\n\n\n<p class=\"has-text-align-right wp-block-paragraph\">wicedyrektor szko\u0142y<\/p>\n","protected":false},"excerpt":{"rendered":"<p>Serdecznie zapraszamy na uroczysto\u015b\u0107, kt\u00f3ra odb\u0119dzie si\u0119 w nast\u0119puj\u0105cych grupach wiekowych: godz. 8.30 w budynku przedszkola przy torach; 2. Grupa\u00a0Zer\u00f3wka\u00a0(szkolna )\u00a0oraz Klasy 1-8, godz. 9.00 w hali Olimpia. Autobusy b\u0119d\u0105 kursowa\u0142y w bie\u017c\u0105cym roku szkolnym tak jak w ubieg\u0142ym. Aktualny <a href=\"https:\/\/szkolazabrowo.pl\/?p=17873\" class=\"read-more\">Czytaj wi\u0119cej &#8230;<\/a><\/p>\n","protected":false},"author":1,"featured_media":0,"comment_status":"closed","ping_status":"closed","sticky":false,"template":"","format":"standard","meta":{"footnotes":""},"categories":[1],"tags":[],"class_list":["post-17873","post","type-post","status-publish","format-standard","hentry","category-uncategorized"],"_links":{"self":[{"href":"https:\/\/szkolazabrowo.pl\/index.php?rest_route=\/wp\/v2\/posts\/17873","targetHints":{"allow":["GET"]}}],"collection":[{"href":"https:\/\/szkolazabrowo.pl\/index.php?rest_route=\/wp\/v2\/posts"}],"about":[{"href":"https:\/\/szkolazabrowo.pl\/index.php?rest_route=\/wp\/v2\/types\/post"}],"author":[{"embeddable":true,"href":"https:\/\/szkolazabrowo.pl\/index.php?rest_route=\/wp\/v2\/users\/1"}],"replies":[{"embeddable":true,"href":"https:\/\/szkolazabrowo.pl\/index.php?rest_route=%2Fwp%2Fv2%2Fcomments&post=17873"}],"version-history":[{"count":1,"href":"https:\/\/szkolazabrowo.pl\/index.php?rest_route=\/wp\/v2\/posts\/17873\/revisions"}],"predecessor-version":[{"id":17874,"href":"https:\/\/szkolazabrowo.pl\/index.php?rest_route=\/wp\/v2\/posts\/17873\/revisions\/17874"}],"wp:attachment":[{"href":"https:\/\/szkolazabrowo.pl\/index.php?rest_route=%2Fwp%2Fv2%2Fmedia&parent=17873"}],"wp:term":[{"taxonomy":"category","embeddable":true,"href":"https:\/\/szkolazabrowo.pl\/index.php?rest_route=%2Fwp%2Fv2%2Fcategories&post=17873"},{"taxonomy":"post_tag","embeddable":true,"href":"https:\/\/szkolazabrowo.pl\/index.php?rest_route=%2Fwp%2Fv2%2Ftags&post=17873"}],"curies":[{"name":"wp","href":"https:\/\/api.w.org\/{rel}","templated":true}]}}