{"id":15172,"date":"2025-06-29T11:02:00","date_gmt":"2025-06-29T11:02:00","guid":{"rendered":"http:\/\/szkolazabrowo.pl\/?p=15172"},"modified":"2025-06-29T11:26:44","modified_gmt":"2025-06-29T11:26:44","slug":"%f0%9f%8e%93-uroczyste-pozegnanie-osmoklasistow-%f0%9f%8e%93","status":"publish","type":"post","link":"https:\/\/szkolazabrowo.pl\/?p=15172","title":{"rendered":"&#x1f393; Uroczyste Po\u017cegnanie \u00d3smoklasist\u00f3w &#x1f393;"},"content":{"rendered":"\n<p>W <strong>pi\u0105tek<\/strong> 27.06.2025 roku, hala Olimpia w Szkole Podstawowej im. Tw\u00f3rc\u00f3w Literatury Dzieci\u0119cej w Z\u0105browie wype\u0142ni\u0142a si\u0119 wzruszeniem, dum\u0105 i elegancj\u0105 \u2013 wszystko za spraw\u0105 wyj\u0105tkowego ta\u0144ca, jakim nasi \u00f3smoklasi\u015bci po\u017cegnali szkolne mury.<\/p>\n\n\n\n<p>Zgodnie z pi\u0119kn\u0105 tradycj\u0105, uczniowie klas \u00f3smych odta\u0144czyli <strong>Poloneza<\/strong>, w kt\u00f3rym ka\u017cdy krok symbolizowa\u0142 lata nauki, przyja\u017ani i wsp\u00f3lnych do\u015bwiadcze\u0144. By\u0142 to moment pe\u0142en klasy, wdzi\u0119ku i dojrza\u0142o\u015bci, kt\u00f3ry na d\u0142ugo pozostanie w pami\u0119ci nie tylko rodzic\u00f3w i nauczycieli, ale i samych uczni\u00f3w.<\/p>\n\n\n\n<p>Dzi\u0119kujemy Wam, Drodzy \u00d3smoklasi\u015bci, za te wsp\u00f3lne lata! \u017byczymy Wam odwagi w dalszej drodze i wielu sukces\u00f3w na nowym etapie \u017cycia.<\/p>\n\n\n\n<figure class=\"wp-block-embed is-type-video is-provider-youtube wp-block-embed-youtube wp-embed-aspect-16-9 wp-has-aspect-ratio\"><div class=\"wp-block-embed__wrapper\">\n<iframe loading=\"lazy\" title=\"Polonez relacja\" width=\"847\" height=\"476\" src=\"https:\/\/www.youtube.com\/embed\/WFY9PvVQxt4?feature=oembed\" frameborder=\"0\" allow=\"accelerometer; autoplay; clipboard-write; encrypted-media; gyroscope; picture-in-picture; web-share\" referrerpolicy=\"strict-origin-when-cross-origin\" allowfullscreen><\/iframe>\n<\/div><\/figure>\n","protected":false},"excerpt":{"rendered":"<p>W pi\u0105tek 27.06.2025 roku, hala Olimpia w Szkole Podstawowej im. Tw\u00f3rc\u00f3w Literatury Dzieci\u0119cej w Z\u0105browie wype\u0142ni\u0142a si\u0119 wzruszeniem, dum\u0105 i elegancj\u0105 \u2013 wszystko za spraw\u0105 wyj\u0105tkowego ta\u0144ca, jakim nasi \u00f3smoklasi\u015bci po\u017cegnali szkolne mury. Zgodnie z pi\u0119kn\u0105 tradycj\u0105, uczniowie klas \u00f3smych <a href=\"https:\/\/szkolazabrowo.pl\/?p=15172\" class=\"read-more\">Czytaj wi\u0119cej &#8230;<\/a><\/p>\n","protected":false},"author":1,"featured_media":0,"comment_status":"closed","ping_status":"closed","sticky":false,"template":"","format":"standard","meta":{"footnotes":""},"categories":[1],"tags":[],"class_list":["post-15172","post","type-post","status-publish","format-standard","hentry","category-uncategorized"],"_links":{"self":[{"href":"https:\/\/szkolazabrowo.pl\/index.php?rest_route=\/wp\/v2\/posts\/15172","targetHints":{"allow":["GET"]}}],"collection":[{"href":"https:\/\/szkolazabrowo.pl\/index.php?rest_route=\/wp\/v2\/posts"}],"about":[{"href":"https:\/\/szkolazabrowo.pl\/index.php?rest_route=\/wp\/v2\/types\/post"}],"author":[{"embeddable":true,"href":"https:\/\/szkolazabrowo.pl\/index.php?rest_route=\/wp\/v2\/users\/1"}],"replies":[{"embeddable":true,"href":"https:\/\/szkolazabrowo.pl\/index.php?rest_route=%2Fwp%2Fv2%2Fcomments&post=15172"}],"version-history":[{"count":1,"href":"https:\/\/szkolazabrowo.pl\/index.php?rest_route=\/wp\/v2\/posts\/15172\/revisions"}],"predecessor-version":[{"id":15173,"href":"https:\/\/szkolazabrowo.pl\/index.php?rest_route=\/wp\/v2\/posts\/15172\/revisions\/15173"}],"wp:attachment":[{"href":"https:\/\/szkolazabrowo.pl\/index.php?rest_route=%2Fwp%2Fv2%2Fmedia&parent=15172"}],"wp:term":[{"taxonomy":"category","embeddable":true,"href":"https:\/\/szkolazabrowo.pl\/index.php?rest_route=%2Fwp%2Fv2%2Fcategories&post=15172"},{"taxonomy":"post_tag","embeddable":true,"href":"https:\/\/szkolazabrowo.pl\/index.php?rest_route=%2Fwp%2Fv2%2Ftags&post=15172"}],"curies":[{"name":"wp","href":"https:\/\/api.w.org\/{rel}","templated":true}]}}